{"id":4514,"date":"2023-04-13T08:04:50","date_gmt":"2023-04-13T06:04:50","guid":{"rendered":"http:\/\/www.poznan.ptsr.org.pl\/?p=4514"},"modified":"2023-04-13T08:08:07","modified_gmt":"2023-04-13T06:08:07","slug":"xi-abilimpiada-sm","status":"publish","type":"post","link":"http:\/\/www.poznan.ptsr.org.pl\/?p=4514","title":{"rendered":"XI Abilimpiada SM"},"content":{"rendered":"\n<p>W imieniu Rady G\u0142\u00f3wnej PTSR serdecznie zapraszamy do udzia\u0142u w XI Abilimpiadzie SM<img loading=\"lazy\" height=\"16\" width=\"16\" alt=\"\u2757\ufe0f\" src=\"https:\/\/static.xx.fbcdn.net\/images\/emoji.php\/v9\/t50\/1\/16\/2757.png\">Wydarzenie odb\u0119dzie si\u0119 w dniach 2-4 czerwca 2023 w o\u015brodku Wielspin O\u015brodek Rehabilitacyjno-Wypoczynkowy, ul. Jeziorna 16, 62-100 W\u0105growiec (woj. wielkopolskie), po\u0142o\u017conym nad malowniczym jeziorem.<img loading=\"lazy\" height=\"16\" width=\"16\" alt=\"\ud83d\udc49\" src=\"https:\/\/static.xx.fbcdn.net\/images\/emoji.php\/v9\/t51\/1\/16\/1f449.png\">Jak co roku czeka na Was wiele ciekawych konkurencji: artystyczna, warcaby, fotografia, zaj\u0119cia muzyczno-taneczne, a tak\u017ce warsztat z psychologiem. Liczymy na Wasz\u0105 obecno\u015b\u0107! <img loading=\"lazy\" height=\"16\" width=\"16\" alt=\"\u2705\" src=\"https:\/\/static.xx.fbcdn.net\/images\/emoji.php\/v9\/t33\/1\/16\/2705.png\">Szczeg\u00f3\u0142y dotycz\u0105ce rekrutacji, nadsy\u0142ania dokument\u00f3w i os\u00f3b do kontaktu znale\u017a\u0107 mo\u017cna na: <a rel=\"noreferrer noopener\" href=\"https:\/\/ptsr.org.pl\/...\/1639,serdecznie-zapraszamy-do?fbclid=IwAR2Jm37OLxSgqVtg0vdrsWIEnsXMF1XD-EVVowLhV3ba9lDh9E-d5QblnRo\" target=\"_blank\">https:\/\/ptsr.org.pl\/&#8230;\/1639,serdecznie-zapraszamy-do<\/a>&#8230;<img loading=\"lazy\" height=\"16\" width=\"16\" alt=\"\ud83d\udc49\" src=\"https:\/\/static.xx.fbcdn.net\/images\/emoji.php\/v9\/t51\/1\/16\/1f449.png\">Zg\u0142oszenia przyjmujemy do 8 maja 2023 r.<\/p>\n\n\n\n<p><\/p>\n\n\n\n<div class=\"wp-block-columns\">\n<div class=\"wp-block-column\" style=\"flex-basis:100%\">\n<figure class=\"wp-block-image size-full is-resized\"><a href=\"http:\/\/www.poznan.ptsr.org.pl\/wp-content\/uploads\/2023\/04\/Abilimpiada.png\"><img loading=\"lazy\" src=\"http:\/\/www.poznan.ptsr.org.pl\/wp-content\/uploads\/2023\/04\/Abilimpiada.png\" alt=\"\" class=\"wp-image-4515\" width=\"600\" height=\"503\" srcset=\"http:\/\/www.poznan.ptsr.org.pl\/wp-content\/uploads\/2023\/04\/Abilimpiada.png 600w, http:\/\/www.poznan.ptsr.org.pl\/wp-content\/uploads\/2023\/04\/Abilimpiada-300x252.png 300w\" sizes=\"(max-width: 600px) 100vw, 600px\" \/><\/a><\/figure>\n<\/div>\n<\/div>\n","protected":false},"excerpt":{"rendered":"<p>W imieniu Rady G\u0142\u00f3wnej PTSR serdecznie zapraszamy do udzia\u0142u w XI Abilimpiadzie SMWydarzenie odb\u0119dzie si\u0119 w dniach 2-4 czerwca 2023 w o\u015brodku Wielspin O\u015brodek Rehabilitacyjno-Wypoczynkowy, ul. Jeziorna 16, 62-100 W\u0105growiec (woj. wielkopolskie), po\u0142o\u017conym nad malowniczym jeziorem.Jak co roku czeka na Was wiele ciekawych konkurencji: artystyczna, warcaby, fotografia, zaj\u0119cia muzyczno-taneczne, a tak\u017ce warsztat z psychologiem. Liczymy [&hellip;]<\/p>\n","protected":false},"author":6,"featured_media":0,"comment_status":"closed","ping_status":"closed","sticky":false,"template":"","format":"standard","meta":[],"categories":[3,8,9,2],"tags":[],"_links":{"self":[{"href":"http:\/\/www.poznan.ptsr.org.pl\/index.php?rest_route=\/wp\/v2\/posts\/4514"}],"collection":[{"href":"http:\/\/www.poznan.ptsr.org.pl\/index.php?rest_route=\/wp\/v2\/posts"}],"about":[{"href":"http:\/\/www.poznan.ptsr.org.pl\/index.php?rest_route=\/wp\/v2\/types\/post"}],"author":[{"embeddable":true,"href":"http:\/\/www.poznan.ptsr.org.pl\/index.php?rest_route=\/wp\/v2\/users\/6"}],"replies":[{"embeddable":true,"href":"http:\/\/www.poznan.ptsr.org.pl\/index.php?rest_route=%2Fwp%2Fv2%2Fcomments&post=4514"}],"version-history":[{"count":3,"href":"http:\/\/www.poznan.ptsr.org.pl\/index.php?rest_route=\/wp\/v2\/posts\/4514\/revisions"}],"predecessor-version":[{"id":4519,"href":"http:\/\/www.poznan.ptsr.org.pl\/index.php?rest_route=\/wp\/v2\/posts\/4514\/revisions\/4519"}],"wp:attachment":[{"href":"http:\/\/www.poznan.ptsr.org.pl\/index.php?rest_route=%2Fwp%2Fv2%2Fmedia&parent=4514"}],"wp:term":[{"taxonomy":"category","embeddable":true,"href":"http:\/\/www.poznan.ptsr.org.pl\/index.php?rest_route=%2Fwp%2Fv2%2Fcategories&post=4514"},{"taxonomy":"post_tag","embeddable":true,"href":"http:\/\/www.poznan.ptsr.org.pl\/index.php?rest_route=%2Fwp%2Fv2%2Ftags&post=4514"}],"curies":[{"name":"wp","href":"https:\/\/api.w.org\/{rel}","templated":true}]}}