{"id":4147,"date":"2022-08-18T09:43:24","date_gmt":"2022-08-18T07:43:24","guid":{"rendered":"http:\/\/www.poznan.ptsr.org.pl\/?p=4147"},"modified":"2022-08-29T11:52:29","modified_gmt":"2022-08-29T09:52:29","slug":"xx-edycja-ogolnopolskiego-konkursu-plastycznego-sztuka-osob-niepelnosprawnych","status":"publish","type":"post","link":"http:\/\/www.poznan.ptsr.org.pl\/?p=4147","title":{"rendered":"XX edycja Og\u00f3lnopolskiego Konkursu Plastycznego Sztuka Os\u00f3b Niepe\u0142nosprawnych"},"content":{"rendered":"\n<p>Pa\u0144stwowy Fundusz Rehabilitacji Os\u00f3b Niepe\u0142nosprawnych og\u0142asza XX edycj\u0119 Og\u00f3lnopolskiego Konkursu Plastycznego dla uczestnik\u00f3w warsztat\u00f3w terapii zaj\u0119ciowej, uczestnik\u00f3w \u015brodowiskowych dom\u00f3w samopomocy oraz niepe\u0142nosprawnych mieszka\u0144c\u00f3w dom\u00f3w pomocy spo\u0142ecznej \u201eSztuka Os\u00f3b Niepe\u0142nosprawnych\u201d. Jubileuszowa edycja ob\u0119dzie si\u0119 pod Honorowym Patronatem Ma\u0142\u017conki Prezydenta Rzeczypospolitej Polskiej Agaty Kornhauser-Dudy. Motyw przewodni konkursu to &#8222;\u015awiat za sto lat&#8221;. Pa\u0144stwowy Fundusz Rehabilitacji Os\u00f3b Niepe\u0142nosprawnych og\u0142asza XX edycj\u0119 Og\u00f3lnopolskiego Konkursu Plastycznego dla uczestnik\u00f3w warsztat\u00f3w terapii zaj\u0119ciowej, uczestnik\u00f3w \u015brodowiskowych dom\u00f3w samopomocy oraz niepe\u0142nosprawnych mieszka\u0144c\u00f3w dom\u00f3w pomocy spo\u0142ecznej \u201eSztuka Os\u00f3b Niepe\u0142nosprawnych\u201d Tytu\u0142 Konkursu \u015awiat za sto lat Termin sk\u0142adania prac konkursowych 30 wrze\u015bnia 2022 r. Wi\u0119cej informacji: <a href=\"https:\/\/www.pfron.org.pl\/aktualnosci\/szczegoly-aktualnosci\/news\/xx-edycja-ogolnopolskiego-konkursu-plastycznego-sztuka-osob-niepelnosprawnych\/\" data-type=\"URL\" data-id=\"https:\/\/www.pfron.org.pl\/aktualnosci\/szczegoly-aktualnosci\/news\/xx-edycja-ogolnopolskiego-konkursu-plastycznego-sztuka-osob-niepelnosprawnych\/\">https:\/\/www.pfron.org.pl\/aktualnosci\/szczegoly-aktualnosci\/news\/xx-edycja-ogolnopolskiego-konkursu-plastycznego-sztuka-osob-niepelnosprawnych\/<\/a><\/p>\n","protected":false},"excerpt":{"rendered":"<p>Pa\u0144stwowy Fundusz Rehabilitacji Os\u00f3b Niepe\u0142nosprawnych og\u0142asza XX edycj\u0119 Og\u00f3lnopolskiego Konkursu Plastycznego dla uczestnik\u00f3w warsztat\u00f3w terapii zaj\u0119ciowej, uczestnik\u00f3w \u015brodowiskowych dom\u00f3w samopomocy oraz niepe\u0142nosprawnych mieszka\u0144c\u00f3w dom\u00f3w pomocy spo\u0142ecznej \u201eSztuka Os\u00f3b Niepe\u0142nosprawnych\u201d. Jubileuszowa edycja ob\u0119dzie si\u0119 pod Honorowym Patronatem Ma\u0142\u017conki Prezydenta Rzeczypospolitej Polskiej Agaty Kornhauser-Dudy. Motyw przewodni konkursu to &#8222;\u015awiat za sto lat&#8221;. Pa\u0144stwowy Fundusz Rehabilitacji Os\u00f3b Niepe\u0142nosprawnych [&hellip;]<\/p>\n","protected":false},"author":6,"featured_media":0,"comment_status":"closed","ping_status":"closed","sticky":false,"template":"","format":"standard","meta":[],"categories":[9,2],"tags":[],"_links":{"self":[{"href":"http:\/\/www.poznan.ptsr.org.pl\/index.php?rest_route=\/wp\/v2\/posts\/4147"}],"collection":[{"href":"http:\/\/www.poznan.ptsr.org.pl\/index.php?rest_route=\/wp\/v2\/posts"}],"about":[{"href":"http:\/\/www.poznan.ptsr.org.pl\/index.php?rest_route=\/wp\/v2\/types\/post"}],"author":[{"embeddable":true,"href":"http:\/\/www.poznan.ptsr.org.pl\/index.php?rest_route=\/wp\/v2\/users\/6"}],"replies":[{"embeddable":true,"href":"http:\/\/www.poznan.ptsr.org.pl\/index.php?rest_route=%2Fwp%2Fv2%2Fcomments&post=4147"}],"version-history":[{"count":1,"href":"http:\/\/www.poznan.ptsr.org.pl\/index.php?rest_route=\/wp\/v2\/posts\/4147\/revisions"}],"predecessor-version":[{"id":4148,"href":"http:\/\/www.poznan.ptsr.org.pl\/index.php?rest_route=\/wp\/v2\/posts\/4147\/revisions\/4148"}],"wp:attachment":[{"href":"http:\/\/www.poznan.ptsr.org.pl\/index.php?rest_route=%2Fwp%2Fv2%2Fmedia&parent=4147"}],"wp:term":[{"taxonomy":"category","embeddable":true,"href":"http:\/\/www.poznan.ptsr.org.pl\/index.php?rest_route=%2Fwp%2Fv2%2Fcategories&post=4147"},{"taxonomy":"post_tag","embeddable":true,"href":"http:\/\/www.poznan.ptsr.org.pl\/index.php?rest_route=%2Fwp%2Fv2%2Ftags&post=4147"}],"curies":[{"name":"wp","href":"https:\/\/api.w.org\/{rel}","templated":true}]}}