{"id":3498,"date":"2020-06-29T15:11:26","date_gmt":"2020-06-29T13:11:26","guid":{"rendered":"http:\/\/www.poznan.ptsr.org.pl\/?p=3498"},"modified":"2020-06-30T09:51:18","modified_gmt":"2020-06-30T07:51:18","slug":"rehabilitacja-grupowa-terminarz","status":"publish","type":"post","link":"http:\/\/www.poznan.ptsr.org.pl\/?p=3498","title":{"rendered":"Rehabilitacja grupowa &#8211; terminarz"},"content":{"rendered":"\n<p>Poni\u017cej prezentujemy terminy najbli\u017cszych zaj\u0119\u0107:<\/p>\n\n\n\n<p class=\"has-text-align-center\"><strong>Wtorek, godz. 17:30<\/strong><br>30.06.2020<br>14.07.2020<br>28.07.2020<br>11.08.2020<br>25.08.2020<\/p>\n\n\n\n<p class=\"has-text-align-center\"><strong>Czwartek, godz. 17:30<\/strong><br>2.07.2020<br>16.07.2020<br>30.07.2020<br>13.08.2020<br>27.08.2020<\/p>\n\n\n\n<p>Zapraszamy do udzia\u0142u w zaj\u0119ciach. Pozosta\u0142y wolne miejsca!<\/p>\n\n\n\n<p>Projekt wsp\u00f3\u0142finansowany ze \u015brodk\u00f3w Urz\u0119du Miasta Poznania &#8211; Wydzia\u0142 Zdrowia i Spraw Spo\u0142ecznych Projekt &#8222;Teatr, Ruch i Rozmowa 2020&#8221;<\/p>\n\n\n\n<p><a href=\"https:\/\/www.facebook.com\/hashtag\/poznanwspiera?__eep__=6&amp;source=feed_text&amp;epa=HASHTAG&amp;__xts__%5B0%5D=68.ARDrmLSH-L7xA1fE18pDTcza2-5GGxtdAI5LDxrzO1qqh2ovhgfwayKApzIXp9AVHFP25lTImF2aj1A8IM7UrlDX7rwUGX5KDtBVLHMVKBveCg-YydYXQaS52mPjYFKxQt_2JYw5sg7sL12_0Rp1BLsO7crDZ8aOqkr5X085TVEvt8JSAu-0ESfLQwaPib5uybca-UGDhjRyDpMEpCoDU5sAkGDiX3N_Lhw8tYr8gHuHu30p4_HrReK2WPd4_WxYRs8LtzLxPqlLH453NuRR_L9nkBczz_TlD27hwRvzsrsNOKRr-5n66ZZ0k2vKZ40p43ts8gEQZls07P3K-CaeA-dxAQ&amp;__tn__=%2ANK-R\">#poznanwspiera<\/a><\/p>\n\n\n\n<p>Poni\u017cej wi\u0119cej informacji.<\/p>\n\n\n\n<figure class=\"wp-block-image size-large\"><img loading=\"lazy\" width=\"940\" height=\"788\" src=\"http:\/\/www.poznan.ptsr.org.pl\/wp-content\/uploads\/2020\/06\/Rehabilitacja-grupowa-2-1.png\" alt=\"\" class=\"wp-image-3499\" srcset=\"http:\/\/www.poznan.ptsr.org.pl\/wp-content\/uploads\/2020\/06\/Rehabilitacja-grupowa-2-1.png 940w, http:\/\/www.poznan.ptsr.org.pl\/wp-content\/uploads\/2020\/06\/Rehabilitacja-grupowa-2-1-300x251.png 300w, http:\/\/www.poznan.ptsr.org.pl\/wp-content\/uploads\/2020\/06\/Rehabilitacja-grupowa-2-1-768x644.png 768w\" sizes=\"(max-width: 940px) 100vw, 940px\" \/><\/figure>\n","protected":false},"excerpt":{"rendered":"<p>Poni\u017cej prezentujemy terminy najbli\u017cszych zaj\u0119\u0107: Wtorek, godz. 17:3030.06.202014.07.202028.07.202011.08.202025.08.2020 Czwartek, godz. 17:302.07.202016.07.202030.07.202013.08.202027.08.2020 Zapraszamy do udzia\u0142u w zaj\u0119ciach. Pozosta\u0142y wolne miejsca! Projekt wsp\u00f3\u0142finansowany ze \u015brodk\u00f3w Urz\u0119du Miasta Poznania &#8211; Wydzia\u0142 Zdrowia i Spraw Spo\u0142ecznych Projekt &#8222;Teatr, Ruch i Rozmowa 2020&#8221; #poznanwspiera Poni\u017cej wi\u0119cej informacji.<\/p>\n","protected":false},"author":3,"featured_media":0,"comment_status":"closed","ping_status":"closed","sticky":false,"template":"","format":"standard","meta":[],"categories":[5,2],"tags":[],"_links":{"self":[{"href":"http:\/\/www.poznan.ptsr.org.pl\/index.php?rest_route=\/wp\/v2\/posts\/3498"}],"collection":[{"href":"http:\/\/www.poznan.ptsr.org.pl\/index.php?rest_route=\/wp\/v2\/posts"}],"about":[{"href":"http:\/\/www.poznan.ptsr.org.pl\/index.php?rest_route=\/wp\/v2\/types\/post"}],"author":[{"embeddable":true,"href":"http:\/\/www.poznan.ptsr.org.pl\/index.php?rest_route=\/wp\/v2\/users\/3"}],"replies":[{"embeddable":true,"href":"http:\/\/www.poznan.ptsr.org.pl\/index.php?rest_route=%2Fwp%2Fv2%2Fcomments&post=3498"}],"version-history":[{"count":1,"href":"http:\/\/www.poznan.ptsr.org.pl\/index.php?rest_route=\/wp\/v2\/posts\/3498\/revisions"}],"predecessor-version":[{"id":3500,"href":"http:\/\/www.poznan.ptsr.org.pl\/index.php?rest_route=\/wp\/v2\/posts\/3498\/revisions\/3500"}],"wp:attachment":[{"href":"http:\/\/www.poznan.ptsr.org.pl\/index.php?rest_route=%2Fwp%2Fv2%2Fmedia&parent=3498"}],"wp:term":[{"taxonomy":"category","embeddable":true,"href":"http:\/\/www.poznan.ptsr.org.pl\/index.php?rest_route=%2Fwp%2Fv2%2Fcategories&post=3498"},{"taxonomy":"post_tag","embeddable":true,"href":"http:\/\/www.poznan.ptsr.org.pl\/index.php?rest_route=%2Fwp%2Fv2%2Ftags&post=3498"}],"curies":[{"name":"wp","href":"https:\/\/api.w.org\/{rel}","templated":true}]}}